{"id":2951,"date":"2023-12-22T11:43:41","date_gmt":"2023-12-22T10:43:41","guid":{"rendered":"https:\/\/www.martini-interiors.com\/?p=2951"},"modified":"2026-01-08T14:13:54","modified_gmt":"2026-01-08T13:13:54","slug":"top-5-interior-colour-trends-2024","status":"publish","type":"post","link":"https:\/\/www.martini-interiors.com\/en\/top-5-interior-colour-trends-2024\/","title":{"rendered":"Top 5 Interior Colour Trends 2024"},"content":{"rendered":"<p><\/p>\n<h3 style=\"text-align: left;\">From Home Decor to Furniture: Discovering the Trendsetting Colours of 2024<\/h3>\n<p style=\"text-align: left;\">In the upcoming year, the color palette of the year bursts from sophisticated warm shades to deep and moody colourful tones. Influenced by the color experts from the world\u2019s leading paint brands, that share their Color of the Year, in this article we&#8217;re sharing our inspiration for interior design of your home and new projects.<\/p>\n<p style=\"text-align: left;\">\n<h2 style=\"text-align: left;\">Peach Fuzz &#8211; Pantone Color of the Year<\/h2>\n<p style=\"text-align: left;\">\u201cIn a world that can seem very harsh, people are looking for colors that soothe, colors that are soft and warm, colors that nurture and provide us with comfort,\u201d says Leatrice Eiseman, the director of the Pantone Color Institute.<\/p>\n<figure style=\"width: 423px\" class=\"wp-caption aligncenter\"><img loading=\"lazy\" decoding=\"async\" class=\"css-1mb3awd exi4f7p0\" title=\"Lake Flato San Antonio House\" src=\"https:\/\/hips.hearstapps.com\/hmg-prod\/images\/lake-flato-san-antonio-house-18151-p-n5-650e025aefa61.jpg?crop=0.75xw:1xh;center,top&amp;resize=1200:*\" sizes=\"auto, 100vw\" srcset=\"https:\/\/hips.hearstapps.com\/hmg-prod\/images\/lake-flato-san-antonio-house-18151-p-n5-650e025aefa61.jpg?crop=0.75xw:1xh;center,top&amp;resize=640:* 640w, https:\/\/hips.hearstapps.com\/hmg-prod\/images\/lake-flato-san-antonio-house-18151-p-n5-650e025aefa61.jpg?crop=0.75xw:1xh;center,top&amp;resize=980:* 980w, https:\/\/hips.hearstapps.com\/hmg-prod\/images\/lake-flato-san-antonio-house-18151-p-n5-650e025aefa61.jpg?crop=0.75xw:1xh;center,top&amp;resize=1120:* 1120w, https:\/\/hips.hearstapps.com\/hmg-prod\/images\/lake-flato-san-antonio-house-18151-p-n5-650e025aefa61.jpg?crop=0.75xw:1xh;center,top&amp;resize=1200:* 1200w, https:\/\/hips.hearstapps.com\/hmg-prod\/images\/lake-flato-san-antonio-house-18151-p-n5-650e025aefa61.jpg?crop=0.75xw:1xh;center,top&amp;resize=1200:* 1920w\" alt=\"lake flato san antonio house\" width=\"423\" height=\"423\" data-nimg=\"1\" \/><figcaption class=\"wp-caption-text\">Douglas Friedman<\/figcaption><\/figure>\n<p style=\"text-align: left;\">\n<figure style=\"width: 419px\" class=\"wp-caption aligncenter\"><img loading=\"lazy\" decoding=\"async\" class=\"sFlh5c pT0Scc iPVvYb\" src=\"https:\/\/s2-casaejardim.glbimg.com\/LGNtzDsNWE-rnCvHJaY3ytRE4Sk=\/0x0:1400x1750\/600x0\/smart\/filters:gifv():strip_icc()\/i.s3.glbimg.com\/v1\/AUTH_a0b7e59562ef42049f4e191fe476fe7d\/internal_photos\/bs\/2023\/F\/t\/hALd6eQ3m8zVzqCQV6QQ\/cosentino-dekton-kraftizen-umber-aplicado-na-cozinha-foto-divulgacao-casaejardim.jpg\" alt=\"Entre no clima: pe\u00e7as de decora\u00e7\u00e3o com a Cor do Ano &quot;Peach Fuzz&quot;, da Pantone | Tend\u00eancias | Casa e Jardim\" width=\"419\" height=\"523\" aria-hidden=\"false\" \/><figcaption class=\"wp-caption-text\">Casa e Jardim<\/figcaption><\/figure>\n<p style=\"text-align: left;\">\n<h2 style=\"text-align: left;\">Blue Nova &#8211; <strong>Benjamin Moore Color of the Year<\/strong><\/h2>\n<p style=\"text-align: left;\">\u201cWe fell in love with the sumptuous quality, the intrigue, and it was balanced with this undercurrent of reassurance that we thought was really nice,\u201d said Andrea Magno, the company\u2019s director of color marketing and development.<\/p>\n<figure style=\"width: 433px\" class=\"wp-caption aligncenter\"><img loading=\"lazy\" decoding=\"async\" class=\"sFlh5c pT0Scc iPVvYb\" src=\"https:\/\/media.benjaminmoore.com\/WebServices\/prod\/cdp\/836x1045\/blue-paint-162-blue-nova-825-rgb.jpg\" alt=\"Blue Nova 825 | Benjamin Moore\" width=\"433\" height=\"541\" aria-hidden=\"false\" \/><figcaption class=\"wp-caption-text\">Benjamin Moore<\/figcaption><\/figure>\n<p style=\"text-align: left;\">\n<figure style=\"width: 428px\" class=\"wp-caption aligncenter\"><img loading=\"lazy\" decoding=\"async\" class=\"sFlh5c pT0Scc iPVvYb\" src=\"https:\/\/hanashappyhome.com\/wp-content\/uploads\/2023\/10\/07506af7-d540-46a3-bb82-64ceea0af9bd-1-scaled.jpg\" alt=\"Using Benjamin Moore's Color of the Year 2024 in my Guest Bedroom Makeover - Hana's Happy Home\" width=\"428\" height=\"571\" aria-hidden=\"false\" \/><figcaption class=\"wp-caption-text\">Hana&#8217;s Happy Home<\/figcaption><\/figure>\n<p style=\"text-align: left;\">\n<h2 class=\"body-h2 css-1phq6cr et3p2gv0\" style=\"text-align: left;\" data-node-id=\"7\"><strong>Upward &#8211; <\/strong><strong>Sherwin-Williams Color of the Year<\/strong><\/h2>\n<p style=\"text-align: left;\">\u201cIt\u2019s clean, it\u2019s tranquil, and it\u2019s breezy, with a subtle periwinkle undertone,\u201d Sherwin-Williams\u2019s director of color marketing Sue Wadden explains of the Upward paint color.<\/p>\n<figure style=\"width: 614px\" class=\"wp-caption aligncenter\"><img loading=\"lazy\" decoding=\"async\" class=\"css-0 exi4f7p0\" title=\"Sherwin-Williams COTY\" src=\"https:\/\/hips.hearstapps.com\/hmg-prod\/images\/sw-coty-2024-upward-sw6239-kitchen-hero-650b5dcc05e2d.jpg?resize=980:*\" sizes=\"auto, 100vw\" srcset=\"https:\/\/hips.hearstapps.com\/hmg-prod\/images\/sw-coty-2024-upward-sw6239-kitchen-hero-650b5dcc05e2d.jpg?resize=640:* 640w, https:\/\/hips.hearstapps.com\/hmg-prod\/images\/sw-coty-2024-upward-sw6239-kitchen-hero-650b5dcc05e2d.jpg?resize=768:* 980w, https:\/\/hips.hearstapps.com\/hmg-prod\/images\/sw-coty-2024-upward-sw6239-kitchen-hero-650b5dcc05e2d.jpg?resize=980:* 1120w, https:\/\/hips.hearstapps.com\/hmg-prod\/images\/sw-coty-2024-upward-sw6239-kitchen-hero-650b5dcc05e2d.jpg?resize=980:* 1200w, https:\/\/hips.hearstapps.com\/hmg-prod\/images\/sw-coty-2024-upward-sw6239-kitchen-hero-650b5dcc05e2d.jpg?resize=980:* 1920w\" alt=\"sherwinwilliams coty\" width=\"614\" height=\"414\" data-nimg=\"1\" \/><figcaption class=\"wp-caption-text\">Sherwin-Williams<\/figcaption><\/figure>\n<p style=\"text-align: left;\">\n<figure style=\"width: 617px\" class=\"wp-caption aligncenter\"><img loading=\"lazy\" decoding=\"async\" class=\"sFlh5c pT0Scc iPVvYb\" src=\"https:\/\/www.tricopainting.com\/images\/blog\/Sherwin%20Williams%20Upward.png\" alt=\"Elevate Your Space: Sherwin Williams Color of the Year 2024 - Upward SW 6239\" width=\"617\" height=\"616\" aria-hidden=\"false\" \/><figcaption class=\"wp-caption-text\">Trico Painting<\/figcaption><\/figure>\n<p style=\"text-align: left;\">\n<h2 class=\"body-h2 css-1phq6cr et3p2gv0\" style=\"text-align: left;\" data-node-id=\"7\"><strong>Cracked Pepper &#8211; <\/strong><strong>Behr Color of the Year<\/strong><\/h2>\n<p style=\"text-align: left;\">&#8220;Cracked pepper is a versatile soft black, that will instantly elevate not only the room you\u2019re in, but the way you feel in it\u2014adding sophistication with ease alongside coordinating colors, finishes and materials. Cracked Pepper proves that color can transcend sight by awakening the senses and radiating confidence from any wall it coats or trim it touches.&#8221; &#8211; Behr<\/p>\n<figure style=\"width: 595px\" class=\"wp-caption aligncenter\"><img loading=\"lazy\" decoding=\"async\" class=\"primary-image__image mntl-primary-image--blurry loaded\" src=\"https:\/\/www.marthastewart.com\/thmb\/o_QEises734lH5BmoF9O2BiUFmA=\/1500x0\/filters:no_upscale():max_bytes(150000):strip_icc()\/behr-color-of-the-year-lede-a9a18e4a4fec4b018ade9506e1b158d7.jpg\" alt=\"Black painted living room with modern furnishings. \" width=\"595\" height=\"402\" \/><figcaption class=\"wp-caption-text\">Behr<\/figcaption><\/figure>\n<p style=\"text-align: left;\">\n<figure id=\"attachment_22295\" aria-describedby=\"caption-attachment-22295\" style=\"width: 592px\" class=\"wp-caption aligncenter\"><img loading=\"lazy\" decoding=\"async\" class=\"wp-image-22295\" src=\"https:\/\/www.behr.com\/colorfullybehr\/wp-content\/uploads\/2023\/07\/BEHR_23.04_COTY_DINING_KM_006-924x1024.jpg\" sizes=\"auto, (max-width: 924px) 100vw, 924px\" srcset=\"https:\/\/www.behr.com\/colorfullybehr\/wp-content\/uploads\/2023\/07\/BEHR_23.04_COTY_DINING_KM_006-924x1024.jpg 924w, https:\/\/www.behr.com\/colorfullybehr\/wp-content\/uploads\/2023\/07\/BEHR_23.04_COTY_DINING_KM_006-271x300.jpg 271w, https:\/\/www.behr.com\/colorfullybehr\/wp-content\/uploads\/2023\/07\/BEHR_23.04_COTY_DINING_KM_006-768x851.jpg 768w, https:\/\/www.behr.com\/colorfullybehr\/wp-content\/uploads\/2023\/07\/BEHR_23.04_COTY_DINING_KM_006-1386x1536.jpg 1386w, https:\/\/www.behr.com\/colorfullybehr\/wp-content\/uploads\/2023\/07\/BEHR_23.04_COTY_DINING_KM_006-1847x2048.jpg 1847w, https:\/\/www.behr.com\/colorfullybehr\/wp-content\/uploads\/2023\/07\/BEHR_23.04_COTY_DINING_KM_006-1568x1738.jpg 1568w, https:\/\/www.behr.com\/colorfullybehr\/wp-content\/uploads\/2023\/07\/BEHR_23.04_COTY_DINING_KM_006-scaled.jpg 974w\" alt=\"A modern black color dining room setting featuring a circular wood table, contemporary wood and upholstered chairs with minimalistic organic shaped accessories. \" width=\"592\" height=\"657\" \/><figcaption id=\"caption-attachment-22295\" class=\"wp-caption-text\">Behr<\/figcaption><\/figure>\n<p style=\"text-align: left;\">\n<h2 class=\"body-h2 css-1phq6cr et3p2gv0\" style=\"text-align: left;\" data-node-id=\"7\">Viridis &#8211; Graham &amp; Brown Color of the Year<\/h2>\n<p style=\"text-align: left;\">&#8220;is an elegant, muted green that brings the outside in. This flexible hue would work in small places to create a cosy, calming atmosphere, or in larger spaces for a sophisticated feel. &#8211; HouseBeautiful<\/p>\n<figure style=\"width: 592px\" class=\"wp-caption aligncenter\"><img loading=\"lazy\" decoding=\"async\" class=\"sFlh5c pT0Scc iPVvYb\" src=\"https:\/\/media.architecturaldigest.com\/photos\/64ff4027b5a207b7e23b5a4a\/master\/w_1600%2Cc_limit\/121465-New-Eden-Viridis---Viridis-CC---ROOMSET.jpg\" alt=\"The Graham &amp; Brown 2024 Color of the Year Has Been Announced\u2014Here Are the Palettes to Pair With It | Architectural Digest\" width=\"592\" height=\"838\" aria-hidden=\"false\" \/><figcaption class=\"wp-caption-text\">Graham &amp; Brown<\/figcaption><\/figure>\n<figure style=\"width: 590px\" class=\"wp-caption aligncenter\"><img loading=\"lazy\" decoding=\"async\" class=\"css-0 exi4f7p0\" title=\"Graham Brown colour and design of the year\" src=\"https:\/\/hips.hearstapps.com\/hmg-prod\/images\/graham-brown-colour-of-the-year-viridis-pale-green-wall-6501b11e8badf.jpg?crop=0.801xw:1.00xh;0.187xw,0&amp;resize=980:*\" sizes=\"auto, 100vw\" srcset=\"https:\/\/hips.hearstapps.com\/hmg-prod\/images\/graham-brown-colour-of-the-year-viridis-pale-green-wall-6501b11e8badf.jpg?crop=0.801xw:1.00xh;0.187xw,0&amp;resize=640:* 640w, https:\/\/hips.hearstapps.com\/hmg-prod\/images\/graham-brown-colour-of-the-year-viridis-pale-green-wall-6501b11e8badf.jpg?crop=0.801xw:1.00xh;0.187xw,0&amp;resize=768:* 980w, https:\/\/hips.hearstapps.com\/hmg-prod\/images\/graham-brown-colour-of-the-year-viridis-pale-green-wall-6501b11e8badf.jpg?crop=0.801xw:1.00xh;0.187xw,0&amp;resize=980:* 1120w, https:\/\/hips.hearstapps.com\/hmg-prod\/images\/graham-brown-colour-of-the-year-viridis-pale-green-wall-6501b11e8badf.jpg?crop=0.801xw:1.00xh;0.187xw,0&amp;resize=980:* 1200w, https:\/\/hips.hearstapps.com\/hmg-prod\/images\/graham-brown-colour-of-the-year-viridis-pale-green-wall-6501b11e8badf.jpg?crop=0.801xw:1.00xh;0.187xw,0&amp;resize=980:* 1920w\" alt=\"graham brown colour and design of the year\" width=\"590\" height=\"737\" data-nimg=\"1\" \/><figcaption class=\"wp-caption-text\">Graham &amp; Brown<\/figcaption><\/figure>\n<p style=\"text-align: left;\">\n<p style=\"text-align: left;\">Discover more news on our website <a href=\"https:\/\/www.martini-interiors.com\/en\/\">martini-interiors.com<\/a><\/p>\n<p style=\"text-align: left;\">Discover custom kitchen collections on website <a href=\"https:\/\/martini-verona.it\/en\/\" target=\"_blank\" rel=\"noopener\">martini-verona.it<\/a><\/p>\n<p><\/p>","protected":false},"excerpt":{"rendered":"<p>From Home Decor to Furniture: Discovering the Trendsetting Colours of 2024 In the upcoming year, the color palette of the year bursts from sophisticated warm shades to deep and moody colourful tones. Influenced by the color experts from the world\u2019s leading paint brands, that share their Color of the Year, in this article we&#8217;re sharing [&hellip;]<\/p>\n","protected":false},"author":4,"featured_media":3016,"comment_status":"closed","ping_status":"closed","sticky":false,"template":"","format":"standard","meta":{"footnotes":""},"categories":[1],"tags":[],"class_list":["post-2951","post","type-post","status-publish","format-standard","has-post-thumbnail","hentry","category-senza-categoria"],"acf":[],"_links":{"self":[{"href":"https:\/\/www.martini-interiors.com\/en\/wp-json\/wp\/v2\/posts\/2951","targetHints":{"allow":["GET"]}}],"collection":[{"href":"https:\/\/www.martini-interiors.com\/en\/wp-json\/wp\/v2\/posts"}],"about":[{"href":"https:\/\/www.martini-interiors.com\/en\/wp-json\/wp\/v2\/types\/post"}],"author":[{"embeddable":true,"href":"https:\/\/www.martini-interiors.com\/en\/wp-json\/wp\/v2\/users\/4"}],"replies":[{"embeddable":true,"href":"https:\/\/www.martini-interiors.com\/en\/wp-json\/wp\/v2\/comments?post=2951"}],"version-history":[{"count":20,"href":"https:\/\/www.martini-interiors.com\/en\/wp-json\/wp\/v2\/posts\/2951\/revisions"}],"predecessor-version":[{"id":4123,"href":"https:\/\/www.martini-interiors.com\/en\/wp-json\/wp\/v2\/posts\/2951\/revisions\/4123"}],"wp:featuredmedia":[{"embeddable":true,"href":"https:\/\/www.martini-interiors.com\/en\/wp-json\/wp\/v2\/media\/3016"}],"wp:attachment":[{"href":"https:\/\/www.martini-interiors.com\/en\/wp-json\/wp\/v2\/media?parent=2951"}],"wp:term":[{"taxonomy":"category","embeddable":true,"href":"https:\/\/www.martini-interiors.com\/en\/wp-json\/wp\/v2\/categories?post=2951"},{"taxonomy":"post_tag","embeddable":true,"href":"https:\/\/www.martini-interiors.com\/en\/wp-json\/wp\/v2\/tags?post=2951"}],"curies":[{"name":"wp","href":"https:\/\/api.w.org\/{rel}","templated":true}]}}